{"id":3019,"date":"2020-03-09T16:27:19","date_gmt":"2020-03-09T16:27:19","guid":{"rendered":"https:\/\/avplusbarber.com\/which-beard-or-moustache-will-suit-you-best\/"},"modified":"2020-07-13T20:20:43","modified_gmt":"2020-07-13T20:20:43","slug":"descubre-que-barba-o-bigote","status":"publish","type":"post","link":"https:\/\/avplusbarber.com\/es\/descubre-que-barba-o-bigote\/","title":{"rendered":"\u00bfQu\u00e9 barba o bigote te convendr\u00e1 mejor?"},"content":{"rendered":"\t\t<div data-elementor-type=\"wp-post\" data-elementor-id=\"3019\" class=\"elementor elementor-3019\" data-elementor-post-type=\"post\">\n\t\t\t\t\t\t<section class=\"elementor-section elementor-top-section elementor-element elementor-element-36bf9a9e elementor-section-boxed elementor-section-height-default elementor-section-height-default\" data-id=\"36bf9a9e\" data-element_type=\"section\" data-e-type=\"section\" data-settings=\"{&quot;jet_parallax_layout_list&quot;:[{&quot;jet_parallax_layout_image&quot;:{&quot;url&quot;:&quot;&quot;,&quot;id&quot;:&quot;&quot;,&quot;size&quot;:&quot;&quot;},&quot;_id&quot;:&quot;bf91fe9&quot;,&quot;jet_parallax_layout_image_tablet&quot;:{&quot;url&quot;:&quot;&quot;,&quot;id&quot;:&quot;&quot;,&quot;size&quot;:&quot;&quot;},&quot;jet_parallax_layout_image_mobile&quot;:{&quot;url&quot;:&quot;&quot;,&quot;id&quot;:&quot;&quot;,&quot;size&quot;:&quot;&quot;},&quot;jet_parallax_layout_speed&quot;:{&quot;unit&quot;:&quot;%&quot;,&quot;size&quot;:50,&quot;sizes&quot;:[]},&quot;jet_parallax_layout_type&quot;:&quot;scroll&quot;,&quot;jet_parallax_layout_direction&quot;:&quot;1&quot;,&quot;jet_parallax_layout_fx_direction&quot;:null,&quot;jet_parallax_layout_z_index&quot;:&quot;&quot;,&quot;jet_parallax_layout_bg_x&quot;:50,&quot;jet_parallax_layout_bg_y&quot;:50,&quot;jet_parallax_layout_bg_size&quot;:&quot;auto&quot;,&quot;jet_parallax_layout_animation_prop&quot;:&quot;transform&quot;,&quot;jet_parallax_layout_on&quot;:[&quot;desktop&quot;,&quot;tablet&quot;],&quot;jet_parallax_layout_bg_x_tablet&quot;:&quot;&quot;,&quot;jet_parallax_layout_bg_x_mobile&quot;:&quot;&quot;,&quot;jet_parallax_layout_bg_y_tablet&quot;:&quot;&quot;,&quot;jet_parallax_layout_bg_y_mobile&quot;:&quot;&quot;,&quot;jet_parallax_layout_bg_size_tablet&quot;:&quot;&quot;,&quot;jet_parallax_layout_bg_size_mobile&quot;:&quot;&quot;}]}\">\n\t\t\t\t\t\t<div class=\"elementor-container elementor-column-gap-default\">\n\t\t\t\t\t<div class=\"elementor-column elementor-col-100 elementor-top-column elementor-element elementor-element-5a62399b\" data-id=\"5a62399b\" data-element_type=\"column\" data-e-type=\"column\">\n\t\t\t<div class=\"elementor-column-wrap--5a62399b elementor-widget-wrap elementor-element-populated\">\n\t\t\t\t\t\t<div class=\"elementor-element elementor-element-3bcf54f elementor-widget elementor-widget-text-editor\" data-id=\"3bcf54f\" data-element_type=\"widget\" data-e-type=\"widget\" data-widget_type=\"text-editor.default\">\n\t\t\t\t\t\t\t\t\t<p><\/p>\n<p>La barba est\u00e1 aqu\u00ed para quedarse y se ha convertido en su aliado perfecto para atraer o mantener a esa chica o chico o para causar una sensaci\u00f3n en una entrevista de trabajo. Es una manera f\u00e1cil de a\u00f1adir un poco de masculinidad robusta y se ven m\u00e1s atractivos.&nbsp;<\/p>\n<p>Pero, \u00bfpara qu\u00e9 estilo deber\u00edas ir? Consulte nuestra pr\u00e1ctica lista para algunas opciones:<\/p>\n<p><\/p>\n<p><\/p>\n<figure><img decoding=\"async\" src=\"https:\/\/avplusbarber.com\/wp-content\/uploads\/2020\/02\/DescubretuBarba_A-2.png\" alt=\"\"><\/figure>\n<p><\/p>\n<p><\/p>\n<p>Todav\u00eda siempre es bueno conseguir alg\u00fan consejo objetivo, y para eso recomendamos un barbero de confianza.&nbsp;<\/p>\n<p>Una vez que hayas elegido, crecido y estilizado tu barba, tendr\u00e1s que tomar algunos pasos m\u00ednimos para cuidarla para mantenerla suave, brillante y nutrir la piel debajo para que est\u00e9 hidratada y no haya flakiness.<\/p>\n<ol>\n<li>L\u00e1vese la barba con nuestro champ\u00fa especial para la barba con aloe vera, bergamota y aceite de eucalipto<\/li>\n<li>Aplica nuestro suero de aloe vera del 98% para la salud de la barba y la piel<\/li>\n<li>Frota unas gotas &nbsp; de uno de nuestros aceites de barba para una suavidad y brillo adicionales y un olor encantador<\/li>\n<\/ol>\n<p>Esta rutina se puede hacer diariamente para obtener los m\u00e1ximos beneficios o con menos frecuencia si est\u00e1s demasiado ocupado para un peque\u00f1o mimo diario.<\/p>\n<\/p>\n<p><\/p>\n\t\t\t\t\t\t\t\t<\/div>\n\t\t\t\t\t<\/div>\n\t\t<\/div>\n\t\t\t\t\t<\/div>\n\t\t<\/section>\n\t\t\t\t<section class=\"elementor-section elementor-top-section elementor-element elementor-element-65259d3d elementor-section-full_width rey-flexWrap elementor-section-height-default elementor-section-height-default\" data-id=\"65259d3d\" data-element_type=\"section\" data-e-type=\"section\" data-settings=\"{&quot;jet_parallax_layout_list&quot;:[{&quot;jet_parallax_layout_image&quot;:{&quot;url&quot;:&quot;&quot;,&quot;id&quot;:&quot;&quot;,&quot;size&quot;:&quot;&quot;},&quot;jet_parallax_layout_image_tablet&quot;:{&quot;url&quot;:&quot;&quot;,&quot;id&quot;:&quot;&quot;,&quot;size&quot;:&quot;&quot;},&quot;jet_parallax_layout_image_mobile&quot;:{&quot;url&quot;:&quot;&quot;,&quot;id&quot;:&quot;&quot;,&quot;size&quot;:&quot;&quot;},&quot;jet_parallax_layout_speed&quot;:{&quot;unit&quot;:&quot;%&quot;,&quot;size&quot;:50,&quot;sizes&quot;:[]},&quot;jet_parallax_layout_type&quot;:&quot;scroll&quot;,&quot;jet_parallax_layout_direction&quot;:&quot;1&quot;,&quot;jet_parallax_layout_fx_direction&quot;:null,&quot;jet_parallax_layout_z_index&quot;:&quot;&quot;,&quot;jet_parallax_layout_bg_x&quot;:50,&quot;jet_parallax_layout_bg_y&quot;:50,&quot;jet_parallax_layout_bg_size&quot;:&quot;auto&quot;,&quot;jet_parallax_layout_animation_prop&quot;:&quot;transform&quot;,&quot;jet_parallax_layout_on&quot;:[&quot;desktop&quot;,&quot;tablet&quot;],&quot;_id&quot;:&quot;959d5ed&quot;,&quot;jet_parallax_layout_bg_x_tablet&quot;:&quot;&quot;,&quot;jet_parallax_layout_bg_x_mobile&quot;:&quot;&quot;,&quot;jet_parallax_layout_bg_y_tablet&quot;:&quot;&quot;,&quot;jet_parallax_layout_bg_y_mobile&quot;:&quot;&quot;,&quot;jet_parallax_layout_bg_size_tablet&quot;:&quot;&quot;,&quot;jet_parallax_layout_bg_size_mobile&quot;:&quot;&quot;}]}\">\n\t\t\t\t\t\t<div class=\"elementor-container elementor-column-gap-default\">\n\t\t\t\t\t<div class=\"elementor-column elementor-col-50 elementor-top-column elementor-element elementor-element-1fb1eb92\" data-id=\"1fb1eb92\" data-element_type=\"column\" data-e-type=\"column\">\n\t\t\t<div class=\"elementor-column-wrap--1fb1eb92 elementor-widget-wrap elementor-element-populated\">\n\t\t\t\t\t\t<div class=\"elementor-element elementor-element-41b9a1a7 elementor-widget__width-auto --il--stretch elementor-widget-mobile__width-inherit elementor-widget elementor-widget-reycore-slider-nav\" data-id=\"41b9a1a7\" data-element_type=\"widget\" data-e-type=\"widget\" data-widget_type=\"reycore-slider-nav.default\">\n\t\t\t\t<div class=\"elementor-widget-container\">\n\t\t\t\t\t\t\t<div class=\"rey-sliderNav --hidden\" data-type=\"arrows\" data-slider-source=\"pg\" data-slider-id=\"carousel-5cd5506726c0b\">\n\n\t\t<div class=\"rey-arrowSvg rey-arrowSvg--left \" ><svg aria-hidden=\"true\" role=\"img\" id=\"rey-icon-arrow-long-69f1260b76b9c\" class=\"rey-icon rey-icon-arrow-long  --default\" viewbox=\"0 0 50 8\"><path d=\"M0.928904706,3.0387609 L44.0113745,3.0387609 L44.0113745,4.97541883 L0.928904706,4.97541883 C0.415884803,4.97541883 2.13162821e-14,4.54188318 2.13162821e-14,4.00708986 C2.13162821e-14,3.47229655 0.415884803,3.0387609 0.928904706,3.0387609 Z\" class=\"rey-arrowSvg-dash\" style=\"transform:var(--i-dsh-tr,initial);transition:var(--i-trs,initial);transform-origin:100% 50%;\"><\/path><path d=\"M49.6399545,3.16320794 L45.1502484,0.129110528 C45.0056033,0.0532149593 44.8474869,0.0092610397 44.685796,3.99680289e-14 C44.5479741,0.0112891909 44.4144881,0.0554642381 44.2956561,0.129110528 C44.0242223,0.2506013 43.8503957,0.531340097 43.8559745,0.839218433 L43.8559745,6.90741326 C43.8503957,7.21529159 44.0242223,7.49603039 44.2956561,7.61752116 C44.5594727,7.77895738 44.8864318,7.77895738 45.1502484,7.61752116 L49.6399545,4.58342375 C49.8682741,4.42554586 50.0055358,4.15892769 50.0055358,3.87331584 C50.0055358,3.587704 49.8682741,3.32108583 49.6399545,3.16320794 Z\"><\/path><\/svg><\/div>\t\t\t<div class=\"rey-sliderNav-counter\">\n\t\t\t\t<span class=\"rey-sliderNav-counterCurrent\"><\/span>\n\t\t\t\t<span class=\"rey-sliderNav-counterSeparator\">&mdash;<\/span>\n\t\t\t\t<span class=\"rey-sliderNav-counterTotal\"><\/span>\n\t\t\t<\/div>\n\t\t<div class=\"rey-arrowSvg rey-arrowSvg--right \" ><svg aria-hidden=\"true\" role=\"img\" id=\"rey-icon-arrow-long-69f1260b76bba\" class=\"rey-icon rey-icon-arrow-long  --default\" viewbox=\"0 0 50 8\"><path d=\"M0.928904706,3.0387609 L44.0113745,3.0387609 L44.0113745,4.97541883 L0.928904706,4.97541883 C0.415884803,4.97541883 2.13162821e-14,4.54188318 2.13162821e-14,4.00708986 C2.13162821e-14,3.47229655 0.415884803,3.0387609 0.928904706,3.0387609 Z\" class=\"rey-arrowSvg-dash\" style=\"transform:var(--i-dsh-tr,initial);transition:var(--i-trs,initial);transform-origin:100% 50%;\"><\/path><path d=\"M49.6399545,3.16320794 L45.1502484,0.129110528 C45.0056033,0.0532149593 44.8474869,0.0092610397 44.685796,3.99680289e-14 C44.5479741,0.0112891909 44.4144881,0.0554642381 44.2956561,0.129110528 C44.0242223,0.2506013 43.8503957,0.531340097 43.8559745,0.839218433 L43.8559745,6.90741326 C43.8503957,7.21529159 44.0242223,7.49603039 44.2956561,7.61752116 C44.5594727,7.77895738 44.8864318,7.77895738 45.1502484,7.61752116 L49.6399545,4.58342375 C49.8682741,4.42554586 50.0055358,4.15892769 50.0055358,3.87331584 C50.0055358,3.587704 49.8682741,3.32108583 49.6399545,3.16320794 Z\"><\/path><\/svg><\/div><\/div>\t\t\t\t<\/div>\n\t\t\t\t<\/div>\n\t\t\t\t<div class=\"elementor-element elementor-element-4ccb3ece elementor-button-underline elementor-widget__width-auto --il--right --il--tablet-right elementor-mobile-align-center elementor-widget-mobile__width-inherit elementor-widget elementor-widget-button\" data-id=\"4ccb3ece\" data-element_type=\"widget\" data-e-type=\"widget\" data-widget_type=\"button.default\">\n\t\t\t\t\t\t\t\t\t\t<a class=\"elementor-button elementor-button-link elementor-size-sm\" href=\"#\">\n\t\t\t\t\t\t<span class=\"elementor-button-content-wrapper\">\n\t\t\t\t\t\t\t\t\t<span class=\"elementor-button-text\">NUESTROS PRODUCTOS DE BARBA<\/span>\n\t\t\t\t\t<\/span>\n\t\t\t\t\t<\/a>\n\t\t\t\t\t\t\t\t<\/div>\n\t\t\t\t\t<\/div>\n\t\t<\/div>\n\t\t\t\t<div class=\"elementor-column elementor-col-50 elementor-top-column elementor-element elementor-element-434ecf37\" data-id=\"434ecf37\" data-element_type=\"column\" data-e-type=\"column\">\n\t\t\t<div class=\"elementor-column-wrap--434ecf37 elementor-widget-wrap elementor-element-populated\">\n\t\t\t\t\t\t<div class=\"pg-skin-basic elementor-element elementor-element-10e82eb7 elementor-widget elementor-widget-reycore-product-grid\" data-id=\"10e82eb7\" data-element_type=\"widget\" data-e-type=\"widget\" data-widget_type=\"reycore-product-grid.carousel\">\n\t\t\t\t<div class=\"elementor-widget-container\">\n\t\t\t\t\t\n\t\t<div class=\"woocommerce rey-element reyEl-productGrid reyEl-productGrid--has-thumbs reyEl-productGrid--skin-carousel \" data-carousel-settings=\"{&quot;type&quot;:&quot;slide&quot;,&quot;slides_to_show&quot;:&quot;4&quot;,&quot;slides_to_show_tablet&quot;:3,&quot;slides_to_show_mobile&quot;:2,&quot;slides_to_move&quot;:false,&quot;autoplay&quot;:true,&quot;autoplaySpeed&quot;:5000,&quot;pause_on_hover&quot;:&quot;yes&quot;,&quot;infinite&quot;:true,&quot;infinite_tablet&quot;:false,&quot;infinite_mobile&quot;:false,&quot;speed&quot;:500,&quot;direction&quot;:&quot;ltr&quot;,&quot;carousel_padding&quot;:{&quot;unit&quot;:&quot;px&quot;,&quot;top&quot;:&quot;&quot;,&quot;right&quot;:&quot;&quot;,&quot;bottom&quot;:&quot;&quot;,&quot;left&quot;:&quot;&quot;,&quot;isLinked&quot;:true},&quot;carousel_padding_tablet&quot;:{&quot;unit&quot;:&quot;px&quot;,&quot;top&quot;:&quot;&quot;,&quot;right&quot;:&quot;&quot;,&quot;bottom&quot;:&quot;&quot;,&quot;left&quot;:&quot;&quot;,&quot;isLinked&quot;:true},&quot;carousel_padding_mobile&quot;:{&quot;unit&quot;:&quot;px&quot;,&quot;top&quot;:&quot;&quot;,&quot;right&quot;:&quot;&quot;,&quot;bottom&quot;:&quot;&quot;,&quot;left&quot;:&quot;&quot;,&quot;isLinked&quot;:true},&quot;delayInit&quot;:&quot;&quot;,&quot;customArrows&quot;:&quot;&quot;,&quot;free_drag&quot;:[],&quot;side_offset&quot;:&quot;&quot;}\" data-qt=\"recent\">\n\n\t\t<div class=\"splide reyEl-productGrid-splide carousel-5cd5506726c0b\" data-skin=\"basic\"><div class=\"splide__track\"><ul class=\"products --prevent-thumbnail-sliders --prevent-scattered --prevent-masonry splide__list  rey-wcGrid-default --skin-basic\" data-slider-carousel-id=\"carousel-5cd5506726c0b\" data-discount-mobile-top=\"yes\" data-params=\"[]\" >\n<li class=\"rey-swatches product type-product post-5093 status-publish first instock product_cat-barba product_cat-profesional product_tag-aloe-vera-es product_tag-clipper-es product_tag-coriollis-es product_tag-shave-machine-es has-post-thumbnail featured taxable shipping-taxable purchasable product-type-simple is-animated --extraImg-second --extraImg-mobile rey-wc-skin--basic rey-wc-loopAlign-left splide__slide\" data-pid=\"5093\">\n\n\t<div class=\"rey-productInner --box-styler\"><div class=\"rey-productThumbnail\"><a href=\"https:\/\/avplusbarber.com\/es\/shop\/clipper-crs-201-black-metal\/\" class=\"woocommerce-LoopProduct-link woocommerce-loop-product__link\" aria-label=\"Clipper CRS-201 Edici\u00f3n de metal negro\"><img fetchpriority=\"high\" decoding=\"async\" width=\"300\" height=\"400\" src=\"https:\/\/avplusbarber.com\/wp-content\/uploads\/2021\/05\/Captura-de-pantalla-2021-05-07-a-las-18.13.07-300x400.png\" class=\"rey-productThumbnail__second\" alt=\"\" \/><img decoding=\"async\" width=\"300\" height=\"400\" src=\"https:\/\/avplusbarber.com\/wp-content\/uploads\/2021\/05\/Captura-de-pantalla-2021-05-07-a-las-18.13.46-300x400.png\" class=\"rey-thumbImg img--1 attachment-woocommerce_thumbnail size-woocommerce_thumbnail\" alt=\"Clipper Coriollis CRS-201\" \/><\/a><\/div><h2 class=\"woocommerce-loop-product__title\"><a href=\"https:\/\/avplusbarber.com\/es\/shop\/clipper-crs-201-black-metal\/\">Clipper CRS-201 Edici\u00f3n de metal negro<\/a><\/h2>\t\t<div class=\"rey-productLoop-footer\">\n\t\t<div class=\"__break\"><\/div><span class=\"price rey-loopPrice\"><span class=\"wcpbc-price wcpbc-price-5093\" data-product-id=\"5093\"><span class=\"woocommerce-Price-amount amount\"><bdi><span class=\"woocommerce-Price-currencySymbol\">&euro;<\/span>74,00<\/bdi><\/span><\/span><\/span><div class=\"__break\"><\/div><div class=\"rey-productFooter-item rey-productFooter-item--addtocart\"><div class=\"rey-productFooter-inner\"><a href=\"\/es\/wp-json\/wp\/v2\/posts\/3019?add-to-cart=5093\" data-quantity=\"1\" class=\"button product_type_simple add_to_cart_button ajax_add_to_cart rey-btn--under\" data-product_id=\"5093\" data-product_sku=\"65444-1-1\" aria-label=\"A\u00f1adir al carrito: &ldquo;Clipper CRS-201 Edici\u00f3n de metal negro&rdquo;\" rel=\"nofollow\" data-success_message=\"\u00abClipper CRS-201 Edici\u00f3n de metal negro\u00bb se ha a\u00f1adido a tu carrito\" role=\"button\"><span class=\"__text\">A\u00f1adir al carrito<\/span><\/a><\/div><\/div>\t<span id=\"woocommerce_loop_add_to_cart_link_describedby_5093\" class=\"screen-reader-text\">\n\t\t\t<\/span>\n\t\t<div class=\"rey-productFooter-item rey-productFooter-item--quickview\">\n\t\t\t<div class=\"rey-productFooter-inner\">\n\t\t\t\t<button class=\"button rey-btn--under rey-quickviewBtn js-rey-quickviewBtn\" data-id=\"5093\" title=\"QUICKVIEW\">QUICKVIEW<\/button>\t\t\t<\/div>\n\t\t<\/div><div class=\"rey-productFooter-item rey-productFooter-item--wishlist\"><div class=\"rey-productFooter-inner\"><button class=\" rey-wishlistBtn rey-wishlistBtn-link\" data-lazy-hidden data-id=\"5093\" title=\"Add to wishlist\" aria-label=\"Add to wishlist\" ><svg aria-hidden=\"true\" role=\"img\" class=\"rey-icon rey-icon-heart rey-wishlistBtn-icon\" viewbox=\"0 0 24 24\"><path fill=\"var(--icon-fill, none)\" stroke=\"currentColor\" stroke-width=\"var(--stroke-width, 1.8px)\" stroke-linecap=\"round\" stroke-linejoin=\"round\" d=\"M20.84 4.61a5.5 5.5 0 0 0-7.78 0L12 5.67l-1.06-1.06a5.5 5.5 0 0 0-7.78 7.78l1.06 1.06L12 21.23l7.78-7.78 1.06-1.06a5.5 5.5 0 0 0 0-7.78z\"\/><\/svg><\/button><\/div><\/div>\n\t\t<\/div>\n\t\t<!-- \/.rey-productLoop-footer -->\n\t\t\t\t<\/div>\n\t\n<\/li>\n\n\n<li class=\"rey-swatches product type-product post-4680 status-publish instock product_cat-barba product_cat-ducha product_cat-piel product_tag-aloe-vera-es has-post-thumbnail taxable shipping-taxable purchasable product-type-simple is-animated --extraImg-second --extraImg-mobile rey-wc-skin--basic rey-wc-loopAlign-left splide__slide\" data-pid=\"4680\">\n\n\t<div class=\"rey-productInner --box-styler\"><div class=\"rey-productThumbnail\"><a href=\"https:\/\/avplusbarber.com\/es\/shop\/serum-200ml-1\/\" class=\"woocommerce-LoopProduct-link woocommerce-loop-product__link\" aria-label=\"Aloe Vera 98% Serum y Gel de Afeitar 200ml\"><img decoding=\"async\" width=\"300\" height=\"400\" src=\"https:\/\/avplusbarber.com\/wp-content\/uploads\/2020\/05\/Serum-300x400.png\" class=\"rey-thumbImg img--1 attachment-woocommerce_thumbnail size-woocommerce_thumbnail\" alt=\"Botella de Serum\" \/><\/a><\/div><h2 class=\"woocommerce-loop-product__title\"><a href=\"https:\/\/avplusbarber.com\/es\/shop\/serum-200ml-1\/\">Aloe Vera 98% Serum y Gel de Afeitar 200ml<\/a><\/h2>\t\t<div class=\"rey-productLoop-footer\">\n\t\t<div class=\"__break\"><\/div><span class=\"price rey-loopPrice\"><span class=\"wcpbc-price wcpbc-price-4680\" data-product-id=\"4680\"><span class=\"woocommerce-Price-amount amount\"><bdi><span class=\"woocommerce-Price-currencySymbol\">&euro;<\/span>15,00<\/bdi><\/span><\/span><\/span><div class=\"__break\"><\/div><div class=\"rey-productFooter-item rey-productFooter-item--addtocart\"><div class=\"rey-productFooter-inner\"><a href=\"\/es\/wp-json\/wp\/v2\/posts\/3019?add-to-cart=4680\" data-quantity=\"1\" class=\"button product_type_simple add_to_cart_button ajax_add_to_cart rey-btn--under\" data-product_id=\"4680\" data-product_sku=\"\" aria-label=\"A\u00f1adir al carrito: &ldquo;Aloe Vera 98% Serum y Gel de Afeitar 200ml&rdquo;\" rel=\"nofollow\" data-success_message=\"\u00abAloe Vera 98% Serum y Gel de Afeitar 200ml\u00bb se ha a\u00f1adido a tu carrito\" role=\"button\"><span class=\"__text\">A\u00f1adir al carrito<\/span><\/a><\/div><\/div>\t<span id=\"woocommerce_loop_add_to_cart_link_describedby_4680\" class=\"screen-reader-text\">\n\t\t\t<\/span>\n\t\t<div class=\"rey-productFooter-item rey-productFooter-item--quickview\">\n\t\t\t<div class=\"rey-productFooter-inner\">\n\t\t\t\t<button class=\"button rey-btn--under rey-quickviewBtn js-rey-quickviewBtn\" data-id=\"4680\" title=\"QUICKVIEW\">QUICKVIEW<\/button>\t\t\t<\/div>\n\t\t<\/div><div class=\"rey-productFooter-item rey-productFooter-item--wishlist\"><div class=\"rey-productFooter-inner\"><button class=\" rey-wishlistBtn rey-wishlistBtn-link\" data-lazy-hidden data-id=\"4680\" title=\"Add to wishlist\" aria-label=\"Add to wishlist\" ><svg aria-hidden=\"true\" role=\"img\" class=\"rey-icon rey-icon-heart rey-wishlistBtn-icon\" viewbox=\"0 0 24 24\"><path fill=\"var(--icon-fill, none)\" stroke=\"currentColor\" stroke-width=\"var(--stroke-width, 1.8px)\" stroke-linecap=\"round\" stroke-linejoin=\"round\" d=\"M20.84 4.61a5.5 5.5 0 0 0-7.78 0L12 5.67l-1.06-1.06a5.5 5.5 0 0 0-7.78 7.78l1.06 1.06L12 21.23l7.78-7.78 1.06-1.06a5.5 5.5 0 0 0 0-7.78z\"\/><\/svg><\/button><\/div><\/div>\n\t\t<\/div>\n\t\t<!-- \/.rey-productLoop-footer -->\n\t\t\t\t<\/div>\n\t\n<\/li>\n\n\n<li class=\"rey-swatches product type-product post-3146 status-publish instock product_cat-barba has-post-thumbnail taxable shipping-taxable purchasable product-type-simple is-animated --extraImg-second --extraImg-mobile rey-wc-skin--basic rey-wc-loopAlign-left splide__slide\" data-pid=\"3146\">\n\n\t<div class=\"rey-productInner --box-styler\"><div class=\"rey-productThumbnail\"><a href=\"https:\/\/avplusbarber.com\/es\/shop\/oriental-barba-aceite\/\" class=\"woocommerce-LoopProduct-link woocommerce-loop-product__link\" aria-label=\"Aceite de Barba Oriental 15ml\"><img loading=\"lazy\" decoding=\"async\" width=\"300\" height=\"400\" src=\"https:\/\/avplusbarber.com\/wp-content\/uploads\/2020\/02\/ACEITE-ORIENTAL-300x400.jpg\" class=\"rey-productThumbnail__second\" alt=\"Exhibici\u00f3n de aceite de barba oriental\" \/><img loading=\"lazy\" decoding=\"async\" width=\"300\" height=\"400\" src=\"https:\/\/avplusbarber.com\/wp-content\/uploads\/2020\/02\/Pack_Oriental-700-1-300x400.png\" class=\"rey-thumbImg img--1 attachment-woocommerce_thumbnail size-woocommerce_thumbnail\" alt=\"Aceite de Barba Oriental\" \/><\/a><\/div><h2 class=\"woocommerce-loop-product__title\"><a href=\"https:\/\/avplusbarber.com\/es\/shop\/oriental-barba-aceite\/\">Aceite de Barba Oriental 15ml<\/a><\/h2>\t\t<div class=\"rey-productLoop-footer\">\n\t\t<div class=\"__break\"><\/div><span class=\"price rey-loopPrice\"><span class=\"wcpbc-price wcpbc-price-3146\" data-product-id=\"3146\"><span class=\"woocommerce-Price-amount amount\"><bdi><span class=\"woocommerce-Price-currencySymbol\">&euro;<\/span>14,00<\/bdi><\/span><\/span><\/span><div class=\"__break\"><\/div><div class=\"rey-productFooter-item rey-productFooter-item--addtocart\"><div class=\"rey-productFooter-inner\"><a href=\"\/es\/wp-json\/wp\/v2\/posts\/3019?add-to-cart=3146\" data-quantity=\"1\" class=\"button product_type_simple add_to_cart_button ajax_add_to_cart rey-btn--under\" data-product_id=\"3146\" data-product_sku=\"65454\" aria-label=\"A\u00f1adir al carrito: &ldquo;Aceite de Barba Oriental 15ml&rdquo;\" rel=\"nofollow\" data-success_message=\"\u00abAceite de Barba Oriental 15ml\u00bb se ha a\u00f1adido a tu carrito\" role=\"button\"><span class=\"__text\">A\u00f1adir al carrito<\/span><\/a><\/div><\/div>\t<span id=\"woocommerce_loop_add_to_cart_link_describedby_3146\" class=\"screen-reader-text\">\n\t\t\t<\/span>\n\t\t<div class=\"rey-productFooter-item rey-productFooter-item--quickview\">\n\t\t\t<div class=\"rey-productFooter-inner\">\n\t\t\t\t<button class=\"button rey-btn--under rey-quickviewBtn js-rey-quickviewBtn\" data-id=\"3146\" title=\"QUICKVIEW\">QUICKVIEW<\/button>\t\t\t<\/div>\n\t\t<\/div><div class=\"rey-productFooter-item rey-productFooter-item--wishlist\"><div class=\"rey-productFooter-inner\"><button class=\" rey-wishlistBtn rey-wishlistBtn-link\" data-lazy-hidden data-id=\"3146\" title=\"Add to wishlist\" aria-label=\"Add to wishlist\" ><svg aria-hidden=\"true\" role=\"img\" class=\"rey-icon rey-icon-heart rey-wishlistBtn-icon\" viewbox=\"0 0 24 24\"><path fill=\"var(--icon-fill, none)\" stroke=\"currentColor\" stroke-width=\"var(--stroke-width, 1.8px)\" stroke-linecap=\"round\" stroke-linejoin=\"round\" d=\"M20.84 4.61a5.5 5.5 0 0 0-7.78 0L12 5.67l-1.06-1.06a5.5 5.5 0 0 0-7.78 7.78l1.06 1.06L12 21.23l7.78-7.78 1.06-1.06a5.5 5.5 0 0 0 0-7.78z\"\/><\/svg><\/button><\/div><\/div>\n\t\t<\/div>\n\t\t<!-- \/.rey-productLoop-footer -->\n\t\t\t\t<\/div>\n\t\n<\/li>\n\n\n<li class=\"rey-swatches product type-product post-3143 status-publish last instock product_cat-barba product_cat-piel product_tag-aloe-vera-es has-post-thumbnail taxable shipping-taxable purchasable product-type-simple is-animated --extraImg-second --extraImg-mobile rey-wc-skin--basic rey-wc-loopAlign-left splide__slide\" data-pid=\"3143\">\n\n\t<div class=\"rey-productInner --box-styler\"><div class=\"rey-productThumbnail\"><a href=\"https:\/\/avplusbarber.com\/es\/shop\/aloe-vera-beard-shampoo-200ml\/\" class=\"woocommerce-LoopProduct-link woocommerce-loop-product__link\" aria-label=\"Champ\u00fa Aloe Vera Beard 200ml\"><img loading=\"lazy\" decoding=\"async\" width=\"300\" height=\"400\" src=\"https:\/\/avplusbarber.com\/wp-content\/uploads\/2020\/02\/SHAMPO-BARBA-300x400.jpg\" class=\"rey-productThumbnail__second\" alt=\"Champ\u00fa de barba\" \/><img loading=\"lazy\" decoding=\"async\" width=\"300\" height=\"400\" src=\"https:\/\/avplusbarber.com\/wp-content\/uploads\/2020\/04\/ShampoBarba-300x400.jpg\" class=\"rey-thumbImg img--1 attachment-woocommerce_thumbnail size-woocommerce_thumbnail\" alt=\"U2hhbXBvbyBGb3IgQmVhcmQ=\" \/><\/a><\/div><h2 class=\"woocommerce-loop-product__title\"><a href=\"https:\/\/avplusbarber.com\/es\/shop\/aloe-vera-beard-shampoo-200ml\/\">Champ\u00fa Aloe Vera Beard 200ml<\/a><\/h2>\t\t<div class=\"rey-productLoop-footer\">\n\t\t<div class=\"__break\"><\/div><span class=\"price rey-loopPrice\"><span class=\"wcpbc-price wcpbc-price-3143\" data-product-id=\"3143\"><span class=\"woocommerce-Price-amount amount\"><bdi><span class=\"woocommerce-Price-currencySymbol\">&euro;<\/span>15,00<\/bdi><\/span><\/span><\/span><div class=\"__break\"><\/div><div class=\"rey-productFooter-item rey-productFooter-item--addtocart\"><div class=\"rey-productFooter-inner\"><a href=\"\/es\/wp-json\/wp\/v2\/posts\/3019?add-to-cart=3143\" data-quantity=\"1\" class=\"button product_type_simple add_to_cart_button ajax_add_to_cart rey-btn--under\" data-product_id=\"3143\" data-product_sku=\"65473\" aria-label=\"A\u00f1adir al carrito: &ldquo;Champ\u00fa Aloe Vera Beard 200ml&rdquo;\" rel=\"nofollow\" data-success_message=\"\u00abChamp\u00fa Aloe Vera Beard 200ml\u00bb se ha a\u00f1adido a tu carrito\" role=\"button\"><span class=\"__text\">A\u00f1adir al carrito<\/span><\/a><\/div><\/div>\t<span id=\"woocommerce_loop_add_to_cart_link_describedby_3143\" class=\"screen-reader-text\">\n\t\t\t<\/span>\n\t\t<div class=\"rey-productFooter-item rey-productFooter-item--quickview\">\n\t\t\t<div class=\"rey-productFooter-inner\">\n\t\t\t\t<button class=\"button rey-btn--under rey-quickviewBtn js-rey-quickviewBtn\" data-id=\"3143\" title=\"QUICKVIEW\">QUICKVIEW<\/button>\t\t\t<\/div>\n\t\t<\/div><div class=\"rey-productFooter-item rey-productFooter-item--wishlist\"><div class=\"rey-productFooter-inner\"><button class=\" rey-wishlistBtn rey-wishlistBtn-link\" data-lazy-hidden data-id=\"3143\" title=\"Add to wishlist\" aria-label=\"Add to wishlist\" ><svg aria-hidden=\"true\" role=\"img\" class=\"rey-icon rey-icon-heart rey-wishlistBtn-icon\" viewbox=\"0 0 24 24\"><path fill=\"var(--icon-fill, none)\" stroke=\"currentColor\" stroke-width=\"var(--stroke-width, 1.8px)\" stroke-linecap=\"round\" stroke-linejoin=\"round\" d=\"M20.84 4.61a5.5 5.5 0 0 0-7.78 0L12 5.67l-1.06-1.06a5.5 5.5 0 0 0-7.78 7.78l1.06 1.06L12 21.23l7.78-7.78 1.06-1.06a5.5 5.5 0 0 0 0-7.78z\"\/><\/svg><\/button><\/div><\/div>\n\t\t<\/div>\n\t\t<!-- \/.rey-productLoop-footer -->\n\t\t\t\t<\/div>\n\t\n<\/li>\n\n\n<li class=\"rey-swatches product type-product post-3139 status-publish first instock product_cat-aroma product_cat-barba product_cat-piel product_tag-aloe-vera-es has-post-thumbnail taxable shipping-taxable purchasable product-type-simple is-animated --extraImg-second --extraImg-mobile rey-wc-skin--basic rey-wc-loopAlign-left splide__slide\" data-pid=\"3139\">\n\n\t<div class=\"rey-productInner --box-styler\"><div class=\"rey-productThumbnail\"><a href=\"https:\/\/avplusbarber.com\/es\/shop\/aftershave\/\" class=\"woocommerce-LoopProduct-link woocommerce-loop-product__link\" aria-label=\"Loci\u00f3n para despu\u00e9s del afeitado 200ml\"><img loading=\"lazy\" decoding=\"async\" width=\"300\" height=\"400\" src=\"https:\/\/avplusbarber.com\/wp-content\/uploads\/2020\/02\/AFTER-SHAVE-1-300x400.jpg\" class=\"rey-productThumbnail__second\" alt=\"loci\u00f3n para despu\u00e9s del afeitado y el suero\" \/><img loading=\"lazy\" decoding=\"async\" width=\"300\" height=\"400\" src=\"https:\/\/avplusbarber.com\/wp-content\/uploads\/2020\/02\/AfterShave_200ML-7000-300x400.png\" class=\"rey-thumbImg img--1 attachment-woocommerce_thumbnail size-woocommerce_thumbnail\" alt=\"QWZ0ZXJzaGF2ZSAyMDBtbA==\" \/><\/a><\/div><h2 class=\"woocommerce-loop-product__title\"><a href=\"https:\/\/avplusbarber.com\/es\/shop\/aftershave\/\">Loci\u00f3n para despu\u00e9s del afeitado 200ml<\/a><\/h2>\t\t<div class=\"rey-productLoop-footer\">\n\t\t<div class=\"__break\"><\/div><span class=\"price rey-loopPrice\"><span class=\"wcpbc-price wcpbc-price-3139\" data-product-id=\"3139\"><span class=\"woocommerce-Price-amount amount\"><bdi><span class=\"woocommerce-Price-currencySymbol\">&euro;<\/span>9,50<\/bdi><\/span><\/span><\/span><div class=\"__break\"><\/div><div class=\"rey-productFooter-item rey-productFooter-item--addtocart\"><div class=\"rey-productFooter-inner\"><a href=\"\/es\/wp-json\/wp\/v2\/posts\/3019?add-to-cart=3139\" data-quantity=\"1\" class=\"button product_type_simple add_to_cart_button ajax_add_to_cart rey-btn--under\" data-product_id=\"3139\" data-product_sku=\"65474\" aria-label=\"A\u00f1adir al carrito: &ldquo;Loci\u00f3n para despu\u00e9s del afeitado 200ml&rdquo;\" rel=\"nofollow\" data-success_message=\"\u00abLoci\u00f3n para despu\u00e9s del afeitado 200ml\u00bb se ha a\u00f1adido a tu carrito\" role=\"button\"><span class=\"__text\">A\u00f1adir al carrito<\/span><\/a><\/div><\/div>\t<span id=\"woocommerce_loop_add_to_cart_link_describedby_3139\" class=\"screen-reader-text\">\n\t\t\t<\/span>\n\t\t<div class=\"rey-productFooter-item rey-productFooter-item--quickview\">\n\t\t\t<div class=\"rey-productFooter-inner\">\n\t\t\t\t<button class=\"button rey-btn--under rey-quickviewBtn js-rey-quickviewBtn\" data-id=\"3139\" title=\"QUICKVIEW\">QUICKVIEW<\/button>\t\t\t<\/div>\n\t\t<\/div><div class=\"rey-productFooter-item rey-productFooter-item--wishlist\"><div class=\"rey-productFooter-inner\"><button class=\" rey-wishlistBtn rey-wishlistBtn-link\" data-lazy-hidden data-id=\"3139\" title=\"Add to wishlist\" aria-label=\"Add to wishlist\" ><svg aria-hidden=\"true\" role=\"img\" class=\"rey-icon rey-icon-heart rey-wishlistBtn-icon\" viewbox=\"0 0 24 24\"><path fill=\"var(--icon-fill, none)\" stroke=\"currentColor\" stroke-width=\"var(--stroke-width, 1.8px)\" stroke-linecap=\"round\" stroke-linejoin=\"round\" d=\"M20.84 4.61a5.5 5.5 0 0 0-7.78 0L12 5.67l-1.06-1.06a5.5 5.5 0 0 0-7.78 7.78l1.06 1.06L12 21.23l7.78-7.78 1.06-1.06a5.5 5.5 0 0 0 0-7.78z\"\/><\/svg><\/button><\/div><\/div>\n\t\t<\/div>\n\t\t<!-- \/.rey-productLoop-footer -->\n\t\t\t\t<\/div>\n\t\n<\/li>\n\n\n<li class=\"rey-swatches product type-product post-3137 status-publish instock product_cat-barba has-post-thumbnail taxable shipping-taxable purchasable product-type-simple is-animated --extraImg-second --extraImg-mobile rey-wc-skin--basic rey-wc-loopAlign-left splide__slide\" data-pid=\"3137\">\n\n\t<div class=\"rey-productInner --box-styler\"><div class=\"rey-productThumbnail\"><a href=\"https:\/\/avplusbarber.com\/es\/shop\/bosque-barba-aceite\/\" class=\"woocommerce-LoopProduct-link woocommerce-loop-product__link\" aria-label=\"Aceite de Barba Bosque 15ml\"><img loading=\"lazy\" decoding=\"async\" width=\"300\" height=\"400\" src=\"https:\/\/avplusbarber.com\/wp-content\/uploads\/2020\/02\/ACEITE-BOSQUE-1-300x400.jpg\" class=\"rey-productThumbnail__second\" alt=\"Forest beard oil\" \/><img loading=\"lazy\" decoding=\"async\" width=\"300\" height=\"400\" src=\"https:\/\/avplusbarber.com\/wp-content\/uploads\/2020\/02\/Pack_Bosque-7000-300x400.png\" class=\"rey-thumbImg img--1 attachment-woocommerce_thumbnail size-woocommerce_thumbnail\" alt=\"Aceite de barba forestal\" \/><\/a><\/div><h2 class=\"woocommerce-loop-product__title\"><a href=\"https:\/\/avplusbarber.com\/es\/shop\/bosque-barba-aceite\/\">Aceite de Barba Bosque 15ml<\/a><\/h2>\t\t<div class=\"rey-productLoop-footer\">\n\t\t<div class=\"__break\"><\/div><span class=\"price rey-loopPrice\"><span class=\"wcpbc-price wcpbc-price-3137\" data-product-id=\"3137\"><span class=\"woocommerce-Price-amount amount\"><bdi><span class=\"woocommerce-Price-currencySymbol\">&euro;<\/span>14,00<\/bdi><\/span><\/span><\/span><div class=\"__break\"><\/div><div class=\"rey-productFooter-item rey-productFooter-item--addtocart\"><div class=\"rey-productFooter-inner\"><a href=\"\/es\/wp-json\/wp\/v2\/posts\/3019?add-to-cart=3137\" data-quantity=\"1\" class=\"button product_type_simple add_to_cart_button ajax_add_to_cart rey-btn--under\" data-product_id=\"3137\" data-product_sku=\"65455\" aria-label=\"A\u00f1adir al carrito: &ldquo;Aceite de Barba Bosque 15ml&rdquo;\" rel=\"nofollow\" data-success_message=\"\u00abAceite de Barba Bosque 15ml\u00bb se ha a\u00f1adido a tu carrito\" role=\"button\"><span class=\"__text\">A\u00f1adir al carrito<\/span><\/a><\/div><\/div>\t<span id=\"woocommerce_loop_add_to_cart_link_describedby_3137\" class=\"screen-reader-text\">\n\t\t\t<\/span>\n\t\t<div class=\"rey-productFooter-item rey-productFooter-item--quickview\">\n\t\t\t<div class=\"rey-productFooter-inner\">\n\t\t\t\t<button class=\"button rey-btn--under rey-quickviewBtn js-rey-quickviewBtn\" data-id=\"3137\" title=\"QUICKVIEW\">QUICKVIEW<\/button>\t\t\t<\/div>\n\t\t<\/div><div class=\"rey-productFooter-item rey-productFooter-item--wishlist\"><div class=\"rey-productFooter-inner\"><button class=\" rey-wishlistBtn rey-wishlistBtn-link\" data-lazy-hidden data-id=\"3137\" title=\"Add to wishlist\" aria-label=\"Add to wishlist\" ><svg aria-hidden=\"true\" role=\"img\" class=\"rey-icon rey-icon-heart rey-wishlistBtn-icon\" viewbox=\"0 0 24 24\"><path fill=\"var(--icon-fill, none)\" stroke=\"currentColor\" stroke-width=\"var(--stroke-width, 1.8px)\" stroke-linecap=\"round\" stroke-linejoin=\"round\" d=\"M20.84 4.61a5.5 5.5 0 0 0-7.78 0L12 5.67l-1.06-1.06a5.5 5.5 0 0 0-7.78 7.78l1.06 1.06L12 21.23l7.78-7.78 1.06-1.06a5.5 5.5 0 0 0 0-7.78z\"\/><\/svg><\/button><\/div><\/div>\n\t\t<\/div>\n\t\t<!-- \/.rey-productLoop-footer -->\n\t\t\t\t<\/div>\n\t\n<\/li>\n\n\n<li class=\"rey-swatches product type-product post-3135 status-publish instock product_cat-barba has-post-thumbnail taxable shipping-taxable purchasable product-type-simple is-animated --extraImg-second --extraImg-mobile rey-wc-skin--basic rey-wc-loopAlign-left splide__slide\" data-pid=\"3135\">\n\n\t<div class=\"rey-productInner --box-styler\"><div class=\"rey-productThumbnail\"><a href=\"https:\/\/avplusbarber.com\/es\/shop\/citric-beard-oil\/\" class=\"woocommerce-LoopProduct-link woocommerce-loop-product__link\" aria-label=\"Aceite de Barba Citric 15ml\"><img loading=\"lazy\" decoding=\"async\" width=\"300\" height=\"400\" src=\"https:\/\/avplusbarber.com\/wp-content\/uploads\/2020\/02\/DSC_70310-scaled-300x400.jpg\" class=\"rey-productThumbnail__second\" alt=\"aceite de barba c\u00edtrica\" \/><img loading=\"lazy\" decoding=\"async\" width=\"300\" height=\"400\" src=\"https:\/\/avplusbarber.com\/wp-content\/uploads\/2020\/02\/Pack_citrico-7000-300x400.png\" class=\"rey-thumbImg img--1 attachment-woocommerce_thumbnail size-woocommerce_thumbnail\" alt=\"Citrus beard oil\" \/><\/a><\/div><h2 class=\"woocommerce-loop-product__title\"><a href=\"https:\/\/avplusbarber.com\/es\/shop\/citric-beard-oil\/\">Aceite de Barba Citric 15ml<\/a><\/h2>\t\t<div class=\"rey-productLoop-footer\">\n\t\t<div class=\"__break\"><\/div><span class=\"price rey-loopPrice\"><span class=\"wcpbc-price wcpbc-price-3135\" data-product-id=\"3135\"><span class=\"woocommerce-Price-amount amount\"><bdi><span class=\"woocommerce-Price-currencySymbol\">&euro;<\/span>14,00<\/bdi><\/span><\/span><\/span><div class=\"__break\"><\/div><div class=\"rey-productFooter-item rey-productFooter-item--addtocart\"><div class=\"rey-productFooter-inner\"><a href=\"\/es\/wp-json\/wp\/v2\/posts\/3019?add-to-cart=3135\" data-quantity=\"1\" class=\"button product_type_simple add_to_cart_button ajax_add_to_cart rey-btn--under\" data-product_id=\"3135\" data-product_sku=\"65456\" aria-label=\"A\u00f1adir al carrito: &ldquo;Aceite de Barba Citric 15ml&rdquo;\" rel=\"nofollow\" data-success_message=\"\u00abAceite de Barba Citric 15ml\u00bb se ha a\u00f1adido a tu carrito\" role=\"button\"><span class=\"__text\">A\u00f1adir al carrito<\/span><\/a><\/div><\/div>\t<span id=\"woocommerce_loop_add_to_cart_link_describedby_3135\" class=\"screen-reader-text\">\n\t\t\t<\/span>\n\t\t<div class=\"rey-productFooter-item rey-productFooter-item--quickview\">\n\t\t\t<div class=\"rey-productFooter-inner\">\n\t\t\t\t<button class=\"button rey-btn--under rey-quickviewBtn js-rey-quickviewBtn\" data-id=\"3135\" title=\"QUICKVIEW\">QUICKVIEW<\/button>\t\t\t<\/div>\n\t\t<\/div><div class=\"rey-productFooter-item rey-productFooter-item--wishlist\"><div class=\"rey-productFooter-inner\"><button class=\" rey-wishlistBtn rey-wishlistBtn-link\" data-lazy-hidden data-id=\"3135\" title=\"Add to wishlist\" aria-label=\"Add to wishlist\" ><svg aria-hidden=\"true\" role=\"img\" class=\"rey-icon rey-icon-heart rey-wishlistBtn-icon\" viewbox=\"0 0 24 24\"><path fill=\"var(--icon-fill, none)\" stroke=\"currentColor\" stroke-width=\"var(--stroke-width, 1.8px)\" stroke-linecap=\"round\" stroke-linejoin=\"round\" d=\"M20.84 4.61a5.5 5.5 0 0 0-7.78 0L12 5.67l-1.06-1.06a5.5 5.5 0 0 0-7.78 7.78l1.06 1.06L12 21.23l7.78-7.78 1.06-1.06a5.5 5.5 0 0 0 0-7.78z\"\/><\/svg><\/button><\/div><\/div>\n\t\t<\/div>\n\t\t<!-- \/.rey-productLoop-footer -->\n\t\t\t\t<\/div>\n\t\n<\/li>\n\n\n<li class=\"rey-swatches product type-product post-3134 status-publish last instock product_cat-barba has-post-thumbnail taxable shipping-taxable purchasable product-type-simple is-animated --extraImg-second --extraImg-mobile rey-wc-skin--basic rey-wc-loopAlign-left splide__slide\" data-pid=\"3134\">\n\n\t<div class=\"rey-productInner --box-styler\"><div class=\"rey-productThumbnail\"><a href=\"https:\/\/avplusbarber.com\/es\/shop\/pachuli-barba-aceite\/\" class=\"woocommerce-LoopProduct-link woocommerce-loop-product__link\" aria-label=\"Aceite de Barba Patchouli 15ml\"><img loading=\"lazy\" decoding=\"async\" width=\"300\" height=\"400\" src=\"https:\/\/avplusbarber.com\/wp-content\/uploads\/2020\/02\/ACEITE-BOSQUE-300x400.jpg\" class=\"rey-productThumbnail__second\" alt=\"Aceite de barba\" \/><img loading=\"lazy\" decoding=\"async\" width=\"300\" height=\"400\" src=\"https:\/\/avplusbarber.com\/wp-content\/uploads\/2020\/02\/Pack_Patxouli-7000-300x400.png\" class=\"rey-thumbImg img--1 attachment-woocommerce_thumbnail size-woocommerce_thumbnail\" alt=\"Aceite de barba de pachul\u00ed\" \/><\/a><\/div><h2 class=\"woocommerce-loop-product__title\"><a href=\"https:\/\/avplusbarber.com\/es\/shop\/pachuli-barba-aceite\/\">Aceite de Barba Patchouli 15ml<\/a><\/h2>\t\t<div class=\"rey-productLoop-footer\">\n\t\t<div class=\"__break\"><\/div><span class=\"price rey-loopPrice\"><span class=\"wcpbc-price wcpbc-price-3134\" data-product-id=\"3134\"><span class=\"woocommerce-Price-amount amount\"><bdi><span class=\"woocommerce-Price-currencySymbol\">&euro;<\/span>14,00<\/bdi><\/span><\/span><\/span><div class=\"__break\"><\/div><div class=\"rey-productFooter-item rey-productFooter-item--addtocart\"><div class=\"rey-productFooter-inner\"><a href=\"\/es\/wp-json\/wp\/v2\/posts\/3019?add-to-cart=3134\" data-quantity=\"1\" class=\"button product_type_simple add_to_cart_button ajax_add_to_cart rey-btn--under\" data-product_id=\"3134\" data-product_sku=\"65471\" aria-label=\"A\u00f1adir al carrito: &ldquo;Aceite de Barba Patchouli 15ml&rdquo;\" rel=\"nofollow\" data-success_message=\"\u00abAceite de Barba Patchouli 15ml\u00bb se ha a\u00f1adido a tu carrito\" role=\"button\"><span class=\"__text\">A\u00f1adir al carrito<\/span><\/a><\/div><\/div>\t<span id=\"woocommerce_loop_add_to_cart_link_describedby_3134\" class=\"screen-reader-text\">\n\t\t\t<\/span>\n\t\t<div class=\"rey-productFooter-item rey-productFooter-item--quickview\">\n\t\t\t<div class=\"rey-productFooter-inner\">\n\t\t\t\t<button class=\"button rey-btn--under rey-quickviewBtn js-rey-quickviewBtn\" data-id=\"3134\" title=\"QUICKVIEW\">QUICKVIEW<\/button>\t\t\t<\/div>\n\t\t<\/div><div class=\"rey-productFooter-item rey-productFooter-item--wishlist\"><div class=\"rey-productFooter-inner\"><button class=\" rey-wishlistBtn rey-wishlistBtn-link\" data-lazy-hidden data-id=\"3134\" title=\"Add to wishlist\" aria-label=\"Add to wishlist\" ><svg aria-hidden=\"true\" role=\"img\" class=\"rey-icon rey-icon-heart rey-wishlistBtn-icon\" viewbox=\"0 0 24 24\"><path fill=\"var(--icon-fill, none)\" stroke=\"currentColor\" stroke-width=\"var(--stroke-width, 1.8px)\" stroke-linecap=\"round\" stroke-linejoin=\"round\" d=\"M20.84 4.61a5.5 5.5 0 0 0-7.78 0L12 5.67l-1.06-1.06a5.5 5.5 0 0 0-7.78 7.78l1.06 1.06L12 21.23l7.78-7.78 1.06-1.06a5.5 5.5 0 0 0 0-7.78z\"\/><\/svg><\/button><\/div><\/div>\n\t\t<\/div>\n\t\t<!-- \/.rey-productLoop-footer -->\n\t\t\t\t<\/div>\n\t\n<\/li>\n\n\n<li class=\"rey-swatches product type-product post-3131 status-publish first instock product_cat-barba product_cat-profesional product_tag-aloe-vera-es has-post-thumbnail taxable shipping-taxable purchasable product-type-simple is-animated --extraImg-second --extraImg-mobile rey-wc-skin--basic rey-wc-loopAlign-left splide__slide\" data-pid=\"3131\">\n\n\t<div class=\"rey-productInner --box-styler\"><div class=\"rey-productThumbnail\"><a href=\"https:\/\/avplusbarber.com\/es\/shop\/suero-1l\/\" class=\"woocommerce-LoopProduct-link woocommerce-loop-product__link\" aria-label=\"Aloe Vera 98% Serum y Gel de Afeitar \u2013 Profesional 1L\"><img loading=\"lazy\" decoding=\"async\" width=\"300\" height=\"400\" src=\"https:\/\/avplusbarber.com\/wp-content\/uploads\/2020\/02\/SERUM-LITRO0-300x400.jpg\" class=\"rey-productThumbnail__second\" alt=\"Aloe Vera Suero y Gel de Afeitar \u2013 Acondicionador de Barba\" \/><img loading=\"lazy\" decoding=\"async\" width=\"300\" height=\"400\" src=\"https:\/\/avplusbarber.com\/wp-content\/uploads\/2020\/05\/Serum1L-300x400.png\" class=\"rey-thumbImg img--1 attachment-woocommerce_thumbnail size-woocommerce_thumbnail\" alt=\"Aloe Vera Suero &amp; Gel de afeitado y Gel de afeitado a acondicionador de barba\" \/><\/a><\/div><h2 class=\"woocommerce-loop-product__title\"><a href=\"https:\/\/avplusbarber.com\/es\/shop\/suero-1l\/\">Aloe Vera 98% Serum y Gel de Afeitar \u2013 Profesional 1L<\/a><\/h2>\t\t<div class=\"rey-productLoop-footer\">\n\t\t<div class=\"__break\"><\/div><span class=\"price rey-loopPrice\"><span class=\"wcpbc-price wcpbc-price-3131\" data-product-id=\"3131\"><span class=\"woocommerce-Price-amount amount\"><bdi><span class=\"woocommerce-Price-currencySymbol\">&euro;<\/span>65,00<\/bdi><\/span><\/span><\/span><div class=\"__break\"><\/div><div class=\"rey-productFooter-item rey-productFooter-item--addtocart\"><div class=\"rey-productFooter-inner\"><a href=\"\/es\/wp-json\/wp\/v2\/posts\/3019?add-to-cart=3131\" data-quantity=\"1\" class=\"button product_type_simple add_to_cart_button ajax_add_to_cart rey-btn--under\" data-product_id=\"3131\" data-product_sku=\"65461\" aria-label=\"A\u00f1adir al carrito: &ldquo;Aloe Vera 98% Serum y Gel de Afeitar \u2013 Profesional 1L&rdquo;\" rel=\"nofollow\" data-success_message=\"\u00abAloe Vera 98% Serum y Gel de Afeitar \u2013 Profesional 1L\u00bb se ha a\u00f1adido a tu carrito\" role=\"button\"><span class=\"__text\">A\u00f1adir al carrito<\/span><\/a><\/div><\/div>\t<span id=\"woocommerce_loop_add_to_cart_link_describedby_3131\" class=\"screen-reader-text\">\n\t\t\t<\/span>\n\t\t<div class=\"rey-productFooter-item rey-productFooter-item--quickview\">\n\t\t\t<div class=\"rey-productFooter-inner\">\n\t\t\t\t<button class=\"button rey-btn--under rey-quickviewBtn js-rey-quickviewBtn\" data-id=\"3131\" title=\"QUICKVIEW\">QUICKVIEW<\/button>\t\t\t<\/div>\n\t\t<\/div><div class=\"rey-productFooter-item rey-productFooter-item--wishlist\"><div class=\"rey-productFooter-inner\"><button class=\" rey-wishlistBtn rey-wishlistBtn-link\" data-lazy-hidden data-id=\"3131\" title=\"Add to wishlist\" aria-label=\"Add to wishlist\" ><svg aria-hidden=\"true\" role=\"img\" class=\"rey-icon rey-icon-heart rey-wishlistBtn-icon\" viewbox=\"0 0 24 24\"><path fill=\"var(--icon-fill, none)\" stroke=\"currentColor\" stroke-width=\"var(--stroke-width, 1.8px)\" stroke-linecap=\"round\" stroke-linejoin=\"round\" d=\"M20.84 4.61a5.5 5.5 0 0 0-7.78 0L12 5.67l-1.06-1.06a5.5 5.5 0 0 0-7.78 7.78l1.06 1.06L12 21.23l7.78-7.78 1.06-1.06a5.5 5.5 0 0 0 0-7.78z\"\/><\/svg><\/button><\/div><\/div>\n\t\t<\/div>\n\t\t<!-- \/.rey-productLoop-footer -->\n\t\t\t\t<\/div>\n\t\n<\/li>\n\n\n<li class=\"rey-swatches product type-product post-3126 status-publish instock product_cat-barba product_tag-aloe-vera-es has-post-thumbnail taxable shipping-taxable purchasable product-type-simple is-animated --extraImg-second --extraImg-mobile rey-wc-skin--basic rey-wc-loopAlign-left splide__slide\" data-pid=\"3126\">\n\n\t<div class=\"rey-productInner --box-styler\"><div class=\"rey-productThumbnail\"><a href=\"https:\/\/avplusbarber.com\/es\/shop\/serum-200ml\/\" class=\"woocommerce-LoopProduct-link woocommerce-loop-product__link\" aria-label=\"Aloe Vera 98% Serum y Gel de Afeitar 200ml\"><img loading=\"lazy\" decoding=\"async\" width=\"300\" height=\"400\" src=\"https:\/\/avplusbarber.com\/wp-content\/uploads\/2020\/02\/SERUM-1-300x400.jpg\" class=\"rey-productThumbnail__second\" alt=\"Serum\" \/><img decoding=\"async\" width=\"300\" height=\"400\" src=\"https:\/\/avplusbarber.com\/wp-content\/uploads\/2020\/05\/Serum-300x400.png\" class=\"rey-thumbImg img--1 attachment-woocommerce_thumbnail size-woocommerce_thumbnail\" alt=\"Botella de Serum\" \/><\/a><\/div><h2 class=\"woocommerce-loop-product__title\"><a href=\"https:\/\/avplusbarber.com\/es\/shop\/serum-200ml\/\">Aloe Vera 98% Serum y Gel de Afeitar 200ml<\/a><\/h2>\t\t<div class=\"rey-productLoop-footer\">\n\t\t<div class=\"__break\"><\/div><span class=\"price rey-loopPrice\"><span class=\"wcpbc-price wcpbc-price-3126\" data-product-id=\"3126\"><span class=\"woocommerce-Price-amount amount\"><bdi><span class=\"woocommerce-Price-currencySymbol\">&euro;<\/span>15,00<\/bdi><\/span><\/span><\/span><div class=\"__break\"><\/div><div class=\"rey-productFooter-item rey-productFooter-item--addtocart\"><div class=\"rey-productFooter-inner\"><a href=\"\/es\/wp-json\/wp\/v2\/posts\/3019?add-to-cart=3126\" data-quantity=\"1\" class=\"button product_type_simple add_to_cart_button ajax_add_to_cart rey-btn--under\" data-product_id=\"3126\" data-product_sku=\"65444\" aria-label=\"A\u00f1adir al carrito: &ldquo;Aloe Vera 98% Serum y Gel de Afeitar 200ml&rdquo;\" rel=\"nofollow\" data-success_message=\"\u00abAloe Vera 98% Serum y Gel de Afeitar 200ml\u00bb se ha a\u00f1adido a tu carrito\" role=\"button\"><span class=\"__text\">A\u00f1adir al carrito<\/span><\/a><\/div><\/div>\t<span id=\"woocommerce_loop_add_to_cart_link_describedby_3126\" class=\"screen-reader-text\">\n\t\t\t<\/span>\n\t\t<div class=\"rey-productFooter-item rey-productFooter-item--quickview\">\n\t\t\t<div class=\"rey-productFooter-inner\">\n\t\t\t\t<button class=\"button rey-btn--under rey-quickviewBtn js-rey-quickviewBtn\" data-id=\"3126\" title=\"QUICKVIEW\">QUICKVIEW<\/button>\t\t\t<\/div>\n\t\t<\/div><div class=\"rey-productFooter-item rey-productFooter-item--wishlist\"><div class=\"rey-productFooter-inner\"><button class=\" rey-wishlistBtn rey-wishlistBtn-link\" data-lazy-hidden data-id=\"3126\" title=\"Add to wishlist\" aria-label=\"Add to wishlist\" ><svg aria-hidden=\"true\" role=\"img\" class=\"rey-icon rey-icon-heart rey-wishlistBtn-icon\" viewbox=\"0 0 24 24\"><path fill=\"var(--icon-fill, none)\" stroke=\"currentColor\" stroke-width=\"var(--stroke-width, 1.8px)\" stroke-linecap=\"round\" stroke-linejoin=\"round\" d=\"M20.84 4.61a5.5 5.5 0 0 0-7.78 0L12 5.67l-1.06-1.06a5.5 5.5 0 0 0-7.78 7.78l1.06 1.06L12 21.23l7.78-7.78 1.06-1.06a5.5 5.5 0 0 0 0-7.78z\"\/><\/svg><\/button><\/div><\/div>\n\t\t<\/div>\n\t\t<!-- \/.rey-productLoop-footer -->\n\t\t\t\t<\/div>\n\t\n<\/li>\n\n<\/ul><\/div><\/div><\/div>\t\t\t\t<\/div>\n\t\t\t\t<\/div>\n\t\t\t\t\t<\/div>\n\t\t<\/div>\n\t\t\t\t\t<\/div>\n\t\t<\/section>\n\t\t\t\t<\/div>\n\t\t","protected":false},"excerpt":{"rendered":"<p>La barba est\u00e1 aqu\u00ed para quedarse y se ha convertido en su aliado perfecto para atraer o mantener a esa chica o chico o para causar una sensaci\u00f3n en una entrevista de trabajo. Es una manera f\u00e1cil de a\u00f1adir un poco de masculinidad robusta y se ven m\u00e1s atractivos.&nbsp; Pero, \u00bfpara qu\u00e9 estilo deber\u00edas ir? [&hellip;]<\/p>\n","protected":false},"author":17,"featured_media":2963,"comment_status":"closed","ping_status":"closed","sticky":false,"template":"","format":"standard","meta":{"_acf_changed":false,"cybocfi_hide_featured_image":"yes","_jetpack_memberships_contains_paid_content":false,"footnotes":""},"categories":[147,148,149],"tags":[],"class_list":["post-3019","post","type-post","status-publish","format-standard","has-post-thumbnail","hentry","category-aviso","category-barba","category-grooming-es"],"acf":[],"yoast_head":"<!-- This site is optimized with the Yoast SEO plugin v27.4 - https:\/\/yoast.com\/product\/yoast-seo-wordpress\/ -->\n<title>\u00bfQu\u00e9 barba o bigote te convendr\u00e1 mejor? - AV Plus Barber<\/title>\n<meta name=\"robots\" content=\"index, follow, max-snippet:-1, max-image-preview:large, max-video-preview:-1\" \/>\n<link rel=\"canonical\" href=\"https:\/\/avplusbarber.com\/es\/descubre-que-barba-o-bigote\/\" \/>\n<meta property=\"og:locale\" content=\"es_ES\" \/>\n<meta property=\"og:type\" content=\"article\" \/>\n<meta property=\"og:title\" content=\"\u00bfQu\u00e9 barba o bigote te convendr\u00e1 mejor? - AV Plus Barber\" \/>\n<meta property=\"og:description\" content=\"La barba est\u00e1 aqu\u00ed para quedarse y se ha convertido en su aliado perfecto para atraer o mantener a esa chica o chico o para causar una sensaci\u00f3n en una entrevista de trabajo. Es una manera f\u00e1cil de a\u00f1adir un poco de masculinidad robusta y se ven m\u00e1s atractivos.&nbsp; Pero, \u00bfpara qu\u00e9 estilo deber\u00edas ir? [&hellip;]\" \/>\n<meta property=\"og:url\" content=\"https:\/\/avplusbarber.com\/es\/descubre-que-barba-o-bigote\/\" \/>\n<meta property=\"og:site_name\" content=\"AV Plus Barber\" \/>\n<meta property=\"article:publisher\" content=\"https:\/\/www.facebook.com\/Avplusbarber\/\" \/>\n<meta property=\"article:published_time\" content=\"2020-03-09T16:27:19+00:00\" \/>\n<meta property=\"article:modified_time\" content=\"2020-07-13T20:20:43+00:00\" \/>\n<meta property=\"og:image\" content=\"https:\/\/avplusbarber.com\/wp-content\/uploads\/2020\/03\/DescubretuBarba.jpg\" \/>\n\t<meta property=\"og:image:width\" content=\"450\" \/>\n\t<meta property=\"og:image:height\" content=\"467\" \/>\n\t<meta property=\"og:image:type\" content=\"image\/jpeg\" \/>\n<meta name=\"author\" content=\"Cleo\" \/>\n<meta name=\"twitter:card\" content=\"summary_large_image\" \/>\n<meta name=\"twitter:creator\" content=\"@avplus_barber\" \/>\n<meta name=\"twitter:site\" content=\"@avplus_barber\" \/>\n<meta name=\"twitter:label1\" content=\"Escrito por\" \/>\n\t<meta name=\"twitter:data1\" content=\"Cleo\" \/>\n\t<meta name=\"twitter:label2\" content=\"Tiempo de lectura\" \/>\n\t<meta name=\"twitter:data2\" content=\"2 minutos\" \/>\n<script type=\"application\/ld+json\" class=\"yoast-schema-graph\">{\"@context\":\"https:\\\/\\\/schema.org\",\"@graph\":[{\"@type\":\"Article\",\"@id\":\"https:\\\/\\\/avplusbarber.com\\\/es\\\/descubre-que-barba-o-bigote\\\/#article\",\"isPartOf\":{\"@id\":\"https:\\\/\\\/avplusbarber.com\\\/es\\\/descubre-que-barba-o-bigote\\\/\"},\"author\":{\"name\":\"Cleo\",\"@id\":\"https:\\\/\\\/avplusbarber.com\\\/es\\\/#\\\/schema\\\/person\\\/23e55e7640a4f99e76b1ad9f7a1d3656\"},\"headline\":\"\u00bfQu\u00e9 barba o bigote te convendr\u00e1 mejor?\",\"datePublished\":\"2020-03-09T16:27:19+00:00\",\"dateModified\":\"2020-07-13T20:20:43+00:00\",\"mainEntityOfPage\":{\"@id\":\"https:\\\/\\\/avplusbarber.com\\\/es\\\/descubre-que-barba-o-bigote\\\/\"},\"wordCount\":384,\"publisher\":{\"@id\":\"https:\\\/\\\/avplusbarber.com\\\/es\\\/#organization\"},\"image\":{\"@id\":\"https:\\\/\\\/avplusbarber.com\\\/es\\\/descubre-que-barba-o-bigote\\\/#primaryimage\"},\"thumbnailUrl\":\"https:\\\/\\\/avplusbarber.com\\\/wp-content\\\/uploads\\\/2020\\\/03\\\/DescubretuBarba.jpg\",\"articleSection\":[\"aviso\",\"barba\",\"Grooming\"],\"inLanguage\":\"es\"},{\"@type\":\"WebPage\",\"@id\":\"https:\\\/\\\/avplusbarber.com\\\/es\\\/descubre-que-barba-o-bigote\\\/\",\"url\":\"https:\\\/\\\/avplusbarber.com\\\/es\\\/descubre-que-barba-o-bigote\\\/\",\"name\":\"\u00bfQu\u00e9 barba o bigote te convendr\u00e1 mejor? - AV Plus Barber\",\"isPartOf\":{\"@id\":\"https:\\\/\\\/avplusbarber.com\\\/es\\\/#website\"},\"primaryImageOfPage\":{\"@id\":\"https:\\\/\\\/avplusbarber.com\\\/es\\\/descubre-que-barba-o-bigote\\\/#primaryimage\"},\"image\":{\"@id\":\"https:\\\/\\\/avplusbarber.com\\\/es\\\/descubre-que-barba-o-bigote\\\/#primaryimage\"},\"thumbnailUrl\":\"https:\\\/\\\/avplusbarber.com\\\/wp-content\\\/uploads\\\/2020\\\/03\\\/DescubretuBarba.jpg\",\"datePublished\":\"2020-03-09T16:27:19+00:00\",\"dateModified\":\"2020-07-13T20:20:43+00:00\",\"breadcrumb\":{\"@id\":\"https:\\\/\\\/avplusbarber.com\\\/es\\\/descubre-que-barba-o-bigote\\\/#breadcrumb\"},\"inLanguage\":\"es\",\"potentialAction\":[{\"@type\":\"ReadAction\",\"target\":[\"https:\\\/\\\/avplusbarber.com\\\/es\\\/descubre-que-barba-o-bigote\\\/\"]}]},{\"@type\":\"BreadcrumbList\",\"@id\":\"https:\\\/\\\/avplusbarber.com\\\/es\\\/descubre-que-barba-o-bigote\\\/#breadcrumb\",\"itemListElement\":[{\"@type\":\"ListItem\",\"position\":1,\"name\":\"Inicio\",\"item\":\"https:\\\/\\\/avplusbarber.com\\\/es\\\/\"},{\"@type\":\"ListItem\",\"position\":2,\"name\":\"\u00bfQu\u00e9 barba o bigote te convendr\u00e1 mejor?\"}]},{\"@type\":\"WebSite\",\"@id\":\"https:\\\/\\\/avplusbarber.com\\\/es\\\/#website\",\"url\":\"https:\\\/\\\/avplusbarber.com\\\/es\\\/\",\"name\":\"AV Plus Barber\",\"description\":\"\",\"publisher\":{\"@id\":\"https:\\\/\\\/avplusbarber.com\\\/es\\\/#organization\"},\"potentialAction\":[{\"@type\":\"SearchAction\",\"target\":{\"@type\":\"EntryPoint\",\"urlTemplate\":\"https:\\\/\\\/avplusbarber.com\\\/es\\\/?s={search_term_string}\"},\"query-input\":{\"@type\":\"PropertyValueSpecification\",\"valueRequired\":true,\"valueName\":\"search_term_string\"}}],\"inLanguage\":\"es\"},{\"@type\":\"Organization\",\"@id\":\"https:\\\/\\\/avplusbarber.com\\\/es\\\/#organization\",\"name\":\"AV Plus Barber\",\"url\":\"https:\\\/\\\/avplusbarber.com\\\/es\\\/\",\"logo\":{\"@type\":\"ImageObject\",\"inLanguage\":\"es\",\"@id\":\"https:\\\/\\\/avplusbarber.com\\\/es\\\/#\\\/schema\\\/logo\\\/image\\\/\",\"url\":\"https:\\\/\\\/avplusbarber.com\\\/wp-content\\\/uploads\\\/2020\\\/03\\\/avplus-black-logo-150.png\",\"contentUrl\":\"https:\\\/\\\/avplusbarber.com\\\/wp-content\\\/uploads\\\/2020\\\/03\\\/avplus-black-logo-150.png\",\"width\":150,\"height\":128,\"caption\":\"AV Plus Barber\"},\"image\":{\"@id\":\"https:\\\/\\\/avplusbarber.com\\\/es\\\/#\\\/schema\\\/logo\\\/image\\\/\"},\"sameAs\":[\"https:\\\/\\\/www.facebook.com\\\/Avplusbarber\\\/\",\"https:\\\/\\\/x.com\\\/avplus_barber\",\"https:\\\/\\\/www.instagram.com\\\/avplus_barber\\\/\",\"https:\\\/\\\/www.youtube.com\\\/channel\\\/UCP9tsNWesy8IPz-xc96mMNQ\"]},{\"@type\":\"Person\",\"@id\":\"https:\\\/\\\/avplusbarber.com\\\/es\\\/#\\\/schema\\\/person\\\/23e55e7640a4f99e76b1ad9f7a1d3656\",\"name\":\"Cleo\",\"url\":\"https:\\\/\\\/avplusbarber.com\\\/es\\\/author\\\/cleo\\\/\"}]}<\/script>\n<!-- \/ Yoast SEO plugin. -->","yoast_head_json":{"title":"\u00bfQu\u00e9 barba o bigote te convendr\u00e1 mejor? - AV Plus Barber","robots":{"index":"index","follow":"follow","max-snippet":"max-snippet:-1","max-image-preview":"max-image-preview:large","max-video-preview":"max-video-preview:-1"},"canonical":"https:\/\/avplusbarber.com\/es\/descubre-que-barba-o-bigote\/","og_locale":"es_ES","og_type":"article","og_title":"\u00bfQu\u00e9 barba o bigote te convendr\u00e1 mejor? - AV Plus Barber","og_description":"La barba est\u00e1 aqu\u00ed para quedarse y se ha convertido en su aliado perfecto para atraer o mantener a esa chica o chico o para causar una sensaci\u00f3n en una entrevista de trabajo. Es una manera f\u00e1cil de a\u00f1adir un poco de masculinidad robusta y se ven m\u00e1s atractivos.&nbsp; Pero, \u00bfpara qu\u00e9 estilo deber\u00edas ir? [&hellip;]","og_url":"https:\/\/avplusbarber.com\/es\/descubre-que-barba-o-bigote\/","og_site_name":"AV Plus Barber","article_publisher":"https:\/\/www.facebook.com\/Avplusbarber\/","article_published_time":"2020-03-09T16:27:19+00:00","article_modified_time":"2020-07-13T20:20:43+00:00","og_image":[{"width":450,"height":467,"url":"https:\/\/avplusbarber.com\/wp-content\/uploads\/2020\/03\/DescubretuBarba.jpg","type":"image\/jpeg"}],"author":"Cleo","twitter_card":"summary_large_image","twitter_creator":"@avplus_barber","twitter_site":"@avplus_barber","twitter_misc":{"Escrito por":"Cleo","Tiempo de lectura":"2 minutos"},"schema":{"@context":"https:\/\/schema.org","@graph":[{"@type":"Article","@id":"https:\/\/avplusbarber.com\/es\/descubre-que-barba-o-bigote\/#article","isPartOf":{"@id":"https:\/\/avplusbarber.com\/es\/descubre-que-barba-o-bigote\/"},"author":{"name":"Cleo","@id":"https:\/\/avplusbarber.com\/es\/#\/schema\/person\/23e55e7640a4f99e76b1ad9f7a1d3656"},"headline":"\u00bfQu\u00e9 barba o bigote te convendr\u00e1 mejor?","datePublished":"2020-03-09T16:27:19+00:00","dateModified":"2020-07-13T20:20:43+00:00","mainEntityOfPage":{"@id":"https:\/\/avplusbarber.com\/es\/descubre-que-barba-o-bigote\/"},"wordCount":384,"publisher":{"@id":"https:\/\/avplusbarber.com\/es\/#organization"},"image":{"@id":"https:\/\/avplusbarber.com\/es\/descubre-que-barba-o-bigote\/#primaryimage"},"thumbnailUrl":"https:\/\/avplusbarber.com\/wp-content\/uploads\/2020\/03\/DescubretuBarba.jpg","articleSection":["aviso","barba","Grooming"],"inLanguage":"es"},{"@type":"WebPage","@id":"https:\/\/avplusbarber.com\/es\/descubre-que-barba-o-bigote\/","url":"https:\/\/avplusbarber.com\/es\/descubre-que-barba-o-bigote\/","name":"\u00bfQu\u00e9 barba o bigote te convendr\u00e1 mejor? - AV Plus Barber","isPartOf":{"@id":"https:\/\/avplusbarber.com\/es\/#website"},"primaryImageOfPage":{"@id":"https:\/\/avplusbarber.com\/es\/descubre-que-barba-o-bigote\/#primaryimage"},"image":{"@id":"https:\/\/avplusbarber.com\/es\/descubre-que-barba-o-bigote\/#primaryimage"},"thumbnailUrl":"https:\/\/avplusbarber.com\/wp-content\/uploads\/2020\/03\/DescubretuBarba.jpg","datePublished":"2020-03-09T16:27:19+00:00","dateModified":"2020-07-13T20:20:43+00:00","breadcrumb":{"@id":"https:\/\/avplusbarber.com\/es\/descubre-que-barba-o-bigote\/#breadcrumb"},"inLanguage":"es","potentialAction":[{"@type":"ReadAction","target":["https:\/\/avplusbarber.com\/es\/descubre-que-barba-o-bigote\/"]}]},{"@type":"BreadcrumbList","@id":"https:\/\/avplusbarber.com\/es\/descubre-que-barba-o-bigote\/#breadcrumb","itemListElement":[{"@type":"ListItem","position":1,"name":"Inicio","item":"https:\/\/avplusbarber.com\/es\/"},{"@type":"ListItem","position":2,"name":"\u00bfQu\u00e9 barba o bigote te convendr\u00e1 mejor?"}]},{"@type":"WebSite","@id":"https:\/\/avplusbarber.com\/es\/#website","url":"https:\/\/avplusbarber.com\/es\/","name":"AV Plus Barber","description":"","publisher":{"@id":"https:\/\/avplusbarber.com\/es\/#organization"},"potentialAction":[{"@type":"SearchAction","target":{"@type":"EntryPoint","urlTemplate":"https:\/\/avplusbarber.com\/es\/?s={search_term_string}"},"query-input":{"@type":"PropertyValueSpecification","valueRequired":true,"valueName":"search_term_string"}}],"inLanguage":"es"},{"@type":"Organization","@id":"https:\/\/avplusbarber.com\/es\/#organization","name":"AV Plus Barber","url":"https:\/\/avplusbarber.com\/es\/","logo":{"@type":"ImageObject","inLanguage":"es","@id":"https:\/\/avplusbarber.com\/es\/#\/schema\/logo\/image\/","url":"https:\/\/avplusbarber.com\/wp-content\/uploads\/2020\/03\/avplus-black-logo-150.png","contentUrl":"https:\/\/avplusbarber.com\/wp-content\/uploads\/2020\/03\/avplus-black-logo-150.png","width":150,"height":128,"caption":"AV Plus Barber"},"image":{"@id":"https:\/\/avplusbarber.com\/es\/#\/schema\/logo\/image\/"},"sameAs":["https:\/\/www.facebook.com\/Avplusbarber\/","https:\/\/x.com\/avplus_barber","https:\/\/www.instagram.com\/avplus_barber\/","https:\/\/www.youtube.com\/channel\/UCP9tsNWesy8IPz-xc96mMNQ"]},{"@type":"Person","@id":"https:\/\/avplusbarber.com\/es\/#\/schema\/person\/23e55e7640a4f99e76b1ad9f7a1d3656","name":"Cleo","url":"https:\/\/avplusbarber.com\/es\/author\/cleo\/"}]}},"jetpack_featured_media_url":"https:\/\/avplusbarber.com\/wp-content\/uploads\/2020\/03\/DescubretuBarba.jpg","jetpack_sharing_enabled":true,"_links":{"self":[{"href":"https:\/\/avplusbarber.com\/es\/wp-json\/wp\/v2\/posts\/3019","targetHints":{"allow":["GET"]}}],"collection":[{"href":"https:\/\/avplusbarber.com\/es\/wp-json\/wp\/v2\/posts"}],"about":[{"href":"https:\/\/avplusbarber.com\/es\/wp-json\/wp\/v2\/types\/post"}],"author":[{"embeddable":true,"href":"https:\/\/avplusbarber.com\/es\/wp-json\/wp\/v2\/users\/17"}],"replies":[{"embeddable":true,"href":"https:\/\/avplusbarber.com\/es\/wp-json\/wp\/v2\/comments?post=3019"}],"version-history":[{"count":0,"href":"https:\/\/avplusbarber.com\/es\/wp-json\/wp\/v2\/posts\/3019\/revisions"}],"wp:featuredmedia":[{"embeddable":true,"href":"https:\/\/avplusbarber.com\/es\/wp-json\/wp\/v2\/media\/2963"}],"wp:attachment":[{"href":"https:\/\/avplusbarber.com\/es\/wp-json\/wp\/v2\/media?parent=3019"}],"wp:term":[{"taxonomy":"category","embeddable":true,"href":"https:\/\/avplusbarber.com\/es\/wp-json\/wp\/v2\/categories?post=3019"},{"taxonomy":"post_tag","embeddable":true,"href":"https:\/\/avplusbarber.com\/es\/wp-json\/wp\/v2\/tags?post=3019"}],"curies":[{"name":"wp","href":"https:\/\/api.w.org\/{rel}","templated":true}]}}